{"id":692,"date":"2014-11-30T16:44:13","date_gmt":"2014-11-30T15:44:13","guid":{"rendered":"https:\/\/merlin.yfx.de\/?p=692"},"modified":"2014-11-30T16:44:13","modified_gmt":"2014-11-30T15:44:13","slug":"heimwarts","status":"publish","type":"post","link":"https:\/\/merlin.yfx.de\/marokko2014\/?p=692","title":{"rendered":"Heimw\u00e4rts"},"content":{"rendered":"<p><span style=\"text-decoration: underline\"><strong>27. November 2014 &#8211; Nienhof<\/strong><\/span><br \/>\nWir sind wieder zur\u00fcck! Offenbar haben wir den richtigen Zeitpunkt f\u00fcr unsere Heimreise gew\u00e4hlt, wenn man so in den Nachrichten liest, welche Unwetter es in Marokko und auch in Spanien gegeben hat.<br \/>\nChefchaouen hat uns so gut gefallen, dass wir noch einen weiteren Tag dort geblieben sind, um durch die Gassen der Altstadt zu schlendern und in den Caf\u00e9s sitzend dem ungewohnten Touristentrubel zuzuschauen. Man merkt den spanischen Einflu\u00df deutlich. Viele Hotels und Restaurants haben spanische Namen, und man wird h\u00e4ufig, auch von den Bewohnern, auf Spanisch angesprochen. Die Mittelmeerk\u00fcste Marokkos ist in den letzten Jahren zu einem beliebten preiswerten Badeurlaubsziel f\u00fcr Spanier geworden und Chefchaouen hat die richtige Entfernung zur K\u00fcste f\u00fcr einen Tagesausflug. Am n\u00e4chsten Tag fuhren wir auf sch\u00f6ner Strecke weiter in Richtung Tetouan durch die Ausl\u00e4ufer des Rifgebirges. Wir hatten uns offen gelassen, ob wir uns die Altstadt von Tetouan anschauen oder gleich 20km weiter fahren an die K\u00fcste in den Badeort Martil, da es in Tetouan keinen Campingplatz gibt. In Tetouan angekommen, versp\u00fcrte keiner von uns Lust von der bequemen Umgehungsstrasse in den Grossstadttrubel hinein zu fahren, zumal es Sonntag war und damit der Souk weitgehend geschlossen sein w\u00fcrde. So landeten wir direkt an der Strandpromenade des neu aus dem Boden gestampften Ferienorts Martil. Der alte Campingplatz lag kaum 100m hinter der Promenade und war inzwischen umzingelt von den typischen Blocks mit Ferienwohnungen in der zweiten Reihe hinter der Strandpromenade. Offenbar hatten viele Einwohner von Tetouan einen Sonntagsausflug an den Strand gemacht, denn die Strassen waren zugestellt mit parkenden Autos und am Strand und in den Cafes war richtig Trubel, auch wenn das Wetter mit 18 Grad selbst f\u00fcr uns Nordlichter nicht gerade Strandwetter war. Mit Marokko hat das hier nicht mehr viel zu tun. Der Ort k\u00f6nnte genauso gut an irgendeinem spanischen Strand liegen. Nachts fing es dann an zu regnen und sch\u00fcttete die ganze Nacht durch. Wir hatten uns den Wecket auf 6 Uhr gestellt, weil wir gerne die F\u00e4hre um 9:30 Uhr in Ceuta erreichen wollten und vorher ja noch den Grenz\u00fcbergang hinter uns bringen mussten. Gl\u00fccklicherweise h\u00f6rte es morgens auf zu regnen und wir kamen gut von dem aufgeweichten Platz herunter. Bis kurz vor der Grenze ging es dann so fr\u00fch am Morgen z\u00fcgig voran. Kurz vor der Grenze dann eine riesige Schlange von Fahrzeugen, die offenbar alle nach Ceuta hinein wollten. Wir sahen unsere F\u00e4hre schon ohne uns ablegen, wurden aber \u00fcberraschenderweise an der Schlange vorbeigelotst bis an den eigentlichen Grenz\u00fcbergang. Der Grenz\u00fcbergang ging nach einer halben Stunde Warten und der chaotischen Ausreiseprozedur der marokkanischen Grenzer schneller als erwartet, die spanischen Z\u00f6llner wollten noch nicht einmal unsere Papiere sehen und winkten uns einfach durch. Merlin hatte sich unter dem Tisch verkrochen und war w\u00e4hrend der ganzen Prozedur nicht zu sehen. Dann ging es sehr schnell, und ehe wir uns versahen, sa\u00dfen wir mit einem Kaffee in der Hand auf der F\u00e4hre und warteten auf das Ablegen. Eine gute Stunde sp\u00e4ter betraten wir bei Sonnenschein wieder europ\u00e4ischen Boden. Hinter uns verschwand die K\u00fcste von Afrika hinter dunklen Wolken. Inzwischen wissen wir, was sich da zusammenbraute, zu dem Zeitpunkt wollten wir nur die noch vor uns liegenden 2800km bis nach Hause hinter uns bringen.<\/p>\n<p style=\"text-align: right\">Manfred<\/p>\n","protected":false},"excerpt":{"rendered":"<p>27. November 2014 &#8211; Nienhof Wir sind wieder zur\u00fcck! Offenbar haben wir den richtigen Zeitpunkt f\u00fcr unsere Heimreise gew\u00e4hlt, wenn man so in den Nachrichten liest, welche Unwetter es in Marokko und auch in Spanien gegeben hat. Chefchaouen hat uns so gut gefallen, dass wir noch einen weiteren Tag dort geblieben sind, um durch die &hellip; <a href=\"https:\/\/merlin.yfx.de\/marokko2014\/?p=692\" class=\"more-link\"><span class=\"screen-reader-text\">Heimw\u00e4rts<\/span> weiterlesen <span class=\"meta-nav\">&rarr;<\/span><\/a><\/p>\n","protected":false},"author":2,"featured_media":0,"comment_status":"open","ping_status":"closed","sticky":false,"template":"","format":"image","meta":{"pgc_sgb_lightbox_settings":"","footnotes":""},"categories":[3],"tags":[],"class_list":["post-692","post","type-post","status-publish","format-image","hentry","category-manfred","post_format-post-format-image"],"_links":{"self":[{"href":"https:\/\/merlin.yfx.de\/marokko2014\/index.php?rest_route=\/wp\/v2\/posts\/692","targetHints":{"allow":["GET"]}}],"collection":[{"href":"https:\/\/merlin.yfx.de\/marokko2014\/index.php?rest_route=\/wp\/v2\/posts"}],"about":[{"href":"https:\/\/merlin.yfx.de\/marokko2014\/index.php?rest_route=\/wp\/v2\/types\/post"}],"author":[{"embeddable":true,"href":"https:\/\/merlin.yfx.de\/marokko2014\/index.php?rest_route=\/wp\/v2\/users\/2"}],"replies":[{"embeddable":true,"href":"https:\/\/merlin.yfx.de\/marokko2014\/index.php?rest_route=%2Fwp%2Fv2%2Fcomments&post=692"}],"version-history":[{"count":0,"href":"https:\/\/merlin.yfx.de\/marokko2014\/index.php?rest_route=\/wp\/v2\/posts\/692\/revisions"}],"wp:attachment":[{"href":"https:\/\/merlin.yfx.de\/marokko2014\/index.php?rest_route=%2Fwp%2Fv2%2Fmedia&parent=692"}],"wp:term":[{"taxonomy":"category","embeddable":true,"href":"https:\/\/merlin.yfx.de\/marokko2014\/index.php?rest_route=%2Fwp%2Fv2%2Fcategories&post=692"},{"taxonomy":"post_tag","embeddable":true,"href":"https:\/\/merlin.yfx.de\/marokko2014\/index.php?rest_route=%2Fwp%2Fv2%2Ftags&post=692"}],"curies":[{"name":"wp","href":"https:\/\/api.w.org\/{rel}","templated":true}]}}