{"id":431,"date":"2017-03-26T19:41:31","date_gmt":"2017-03-26T19:41:31","guid":{"rendered":"https:\/\/merlin.yfx.de\/marokko2017\/?p=431"},"modified":"2017-03-27T12:11:41","modified_gmt":"2017-03-27T12:11:41","slug":"zwischen-meer-und-wueste","status":"publish","type":"post","link":"https:\/\/merlin.yfx.de\/marokko2017\/?p=431","title":{"rendered":"Zwischen Meer und W\u00fcste"},"content":{"rendered":"<p>Kurz vor Mirleft waren wir wieder auf den Atlantik getroffen, dem wir in den n\u00e4chsten Tagen auch nicht mehr von der Seite weichen wollten. Bis hinunter zur M\u00fcndung des Draa wollten wir der K\u00fcste folgen, falls die Stra\u00dfenverh\u00e4ltnisse uns nicht daran hindern w\u00fcrden. S\u00fcdlich von Tan-Tan, auf der anderen Seite des Draa beginnt die ehemalige spanische Kolonie Westsahara, die 1975 mit dem &#8222;Gr\u00fcnen Marsch&#8220; von Marokko friedlich besetzt wurde. <img loading=\"lazy\" decoding=\"async\" class=\"aligncenter size-full wp-image-423\" src=\"https:\/\/merlin.yfx.de\/marokko2017\/wp-content\/uploads\/sites\/4\/2017\/03\/IMG_2547.jpg\" alt=\"\" width=\"1200\" height=\"675\" srcset=\"https:\/\/merlin.yfx.de\/marokko2017\/wp-content\/uploads\/sites\/4\/2017\/03\/IMG_2547.jpg 1200w, https:\/\/merlin.yfx.de\/marokko2017\/wp-content\/uploads\/sites\/4\/2017\/03\/IMG_2547-300x169.jpg 300w, https:\/\/merlin.yfx.de\/marokko2017\/wp-content\/uploads\/sites\/4\/2017\/03\/IMG_2547-768x432.jpg 768w, https:\/\/merlin.yfx.de\/marokko2017\/wp-content\/uploads\/sites\/4\/2017\/03\/IMG_2547-1024x576.jpg 1024w\" sizes=\"auto, (max-width: 1200px) 100vw, 1200px\" \/>Ab hier wollten wir unsere Reise Richtung Osten fortsetzen, sozusagen dem Draa flu\u00dfaufw\u00e4rts folgend.<br \/>\nDie K\u00fcste ist hier sehr abwechselungsreich: zum einen felsige Abbr\u00fcche, darunter immer wieder weite Sandstr\u00e4nde. Aber wie hinunterkommen? Chancen bieten die aus dem Antiatlas herunterkommenden Fl\u00fcsse, die tiefe Kerben in die Steilk\u00fcste gegraben haben.<br \/>\nLeghzira Plage nennt sich eine solche Stelle, die bei Surfern und Paraglidern beliebt ist. Man kann hier auf einer Piste ein St\u00fcck hinunterfahren, bis zu einem Parkplatz. Den Rest muss man auf Treppenstufen hinunterlaufen. Unten erwarten einen mehrere kleine Pensionen und Restaurants, die abenteuerlich in den schmalen Einschnitt in der Steilk\u00fcste hineingebaut wurden. Davor ein phantastischer feinsandiger Strand, der sich endlos unterhalb der Steilk\u00fcste entlangzieht. <img loading=\"lazy\" decoding=\"async\" class=\"aligncenter size-full wp-image-397\" src=\"https:\/\/merlin.yfx.de\/marokko2017\/wp-content\/uploads\/sites\/4\/2017\/03\/IMG_2514.jpg\" alt=\"\" width=\"1200\" height=\"675\" srcset=\"https:\/\/merlin.yfx.de\/marokko2017\/wp-content\/uploads\/sites\/4\/2017\/03\/IMG_2514.jpg 1200w, https:\/\/merlin.yfx.de\/marokko2017\/wp-content\/uploads\/sites\/4\/2017\/03\/IMG_2514-300x169.jpg 300w, https:\/\/merlin.yfx.de\/marokko2017\/wp-content\/uploads\/sites\/4\/2017\/03\/IMG_2514-768x432.jpg 768w, https:\/\/merlin.yfx.de\/marokko2017\/wp-content\/uploads\/sites\/4\/2017\/03\/IMG_2514-1024x576.jpg 1024w\" sizes=\"auto, (max-width: 1200px) 100vw, 1200px\" \/>Die Erosion hat hier phantastische Gebilde entstehen lassen. Ein riesiger Torbogen mit einer Durchgangsh\u00f6he von bestimmt 10m ist sicher das Highlight. <img loading=\"lazy\" decoding=\"async\" class=\"aligncenter size-full wp-image-400\" src=\"https:\/\/merlin.yfx.de\/marokko2017\/wp-content\/uploads\/sites\/4\/2017\/03\/IMG_2518.jpg\" alt=\"\" width=\"1200\" height=\"675\" srcset=\"https:\/\/merlin.yfx.de\/marokko2017\/wp-content\/uploads\/sites\/4\/2017\/03\/IMG_2518.jpg 1200w, https:\/\/merlin.yfx.de\/marokko2017\/wp-content\/uploads\/sites\/4\/2017\/03\/IMG_2518-300x169.jpg 300w, https:\/\/merlin.yfx.de\/marokko2017\/wp-content\/uploads\/sites\/4\/2017\/03\/IMG_2518-768x432.jpg 768w, https:\/\/merlin.yfx.de\/marokko2017\/wp-content\/uploads\/sites\/4\/2017\/03\/IMG_2518-1024x576.jpg 1024w\" sizes=\"auto, (max-width: 1200px) 100vw, 1200px\" \/><img loading=\"lazy\" decoding=\"async\" class=\"aligncenter size-full wp-image-399\" src=\"https:\/\/merlin.yfx.de\/marokko2017\/wp-content\/uploads\/sites\/4\/2017\/03\/IMG_2517.jpg\" alt=\"\" width=\"1200\" height=\"675\" srcset=\"https:\/\/merlin.yfx.de\/marokko2017\/wp-content\/uploads\/sites\/4\/2017\/03\/IMG_2517.jpg 1200w, https:\/\/merlin.yfx.de\/marokko2017\/wp-content\/uploads\/sites\/4\/2017\/03\/IMG_2517-300x169.jpg 300w, https:\/\/merlin.yfx.de\/marokko2017\/wp-content\/uploads\/sites\/4\/2017\/03\/IMG_2517-768x432.jpg 768w, https:\/\/merlin.yfx.de\/marokko2017\/wp-content\/uploads\/sites\/4\/2017\/03\/IMG_2517-1024x576.jpg 1024w\" sizes=\"auto, (max-width: 1200px) 100vw, 1200px\" \/>Ein kurzes St\u00fcck dahinter ist ein zweiter Bogen am 23.9 2016 eingest\u00fcrzt. Ein dramatisches Ereignis, dass selbst durch die franz\u00f6sische Presse ging. Die beiden Felsb\u00f6gen waren eines der Wahrzeichen von Marokko und sind auf vielen Postkarten abgebildet.<br \/>\nAuch hier ist die K\u00fcste noch sehr ruhig. Die paar Menschen verlieren sich am Strand. Das liegt sicher mit am Wetter, denn obwohl die Sonne kr\u00e4ftig vom Himmel strahlt, ist es am Strand ziemlich kalt. Ursache ist ein kr\u00e4ftiger Nordwind, der den ganzen Tag \u00fcber die Luft auf Temperaturen um die 15 Grad h\u00e4lt. Nur nachts flaut der Wind ab. Trotzdem f\u00e4llt das Thermometer weiter ab, zum Teil auf Werte unter 10 Grad!<br \/>\nAlso nichts mit lauen Abenden.<br \/>\nN\u00e4chster Halt ist Sidi Ifni, dass noch bis 1969 die letzte spanische Enklave an der Atlantikk\u00fcste bildete. Hier gibt es einen breiten Flusseinschnitt, sodass man die Stadt teils unten am Fluss und teils oben auf der Steilk\u00fcste erbaut hat.<img loading=\"lazy\" decoding=\"async\" class=\"aligncenter size-full wp-image-443\" src=\"https:\/\/merlin.yfx.de\/marokko2017\/wp-content\/uploads\/sites\/4\/2017\/03\/IMG_2677.jpg\" alt=\"\" width=\"1200\" height=\"675\" srcset=\"https:\/\/merlin.yfx.de\/marokko2017\/wp-content\/uploads\/sites\/4\/2017\/03\/IMG_2677.jpg 1200w, https:\/\/merlin.yfx.de\/marokko2017\/wp-content\/uploads\/sites\/4\/2017\/03\/IMG_2677-300x169.jpg 300w, https:\/\/merlin.yfx.de\/marokko2017\/wp-content\/uploads\/sites\/4\/2017\/03\/IMG_2677-768x432.jpg 768w, https:\/\/merlin.yfx.de\/marokko2017\/wp-content\/uploads\/sites\/4\/2017\/03\/IMG_2677-1024x576.jpg 1024w\" sizes=\"auto, (max-width: 1200px) 100vw, 1200px\" \/>Eine breite Treppe, die den Strand mit der Stadt verbindet, der Leuchtturm und viele Geb\u00e4ude erinnern noch an die spanische Vergangenheit, aber ihre gro\u00dfe Zeit ist sicher vorbei. <img loading=\"lazy\" decoding=\"async\" class=\"aligncenter size-full wp-image-415\" src=\"https:\/\/merlin.yfx.de\/marokko2017\/wp-content\/uploads\/sites\/4\/2017\/03\/IMG_2539.jpg\" alt=\"\" width=\"1200\" height=\"675\" srcset=\"https:\/\/merlin.yfx.de\/marokko2017\/wp-content\/uploads\/sites\/4\/2017\/03\/IMG_2539.jpg 1200w, https:\/\/merlin.yfx.de\/marokko2017\/wp-content\/uploads\/sites\/4\/2017\/03\/IMG_2539-300x169.jpg 300w, https:\/\/merlin.yfx.de\/marokko2017\/wp-content\/uploads\/sites\/4\/2017\/03\/IMG_2539-768x432.jpg 768w, https:\/\/merlin.yfx.de\/marokko2017\/wp-content\/uploads\/sites\/4\/2017\/03\/IMG_2539-1024x576.jpg 1024w\" sizes=\"auto, (max-width: 1200px) 100vw, 1200px\" \/><img loading=\"lazy\" decoding=\"async\" class=\"aligncenter size-full wp-image-421\" src=\"https:\/\/merlin.yfx.de\/marokko2017\/wp-content\/uploads\/sites\/4\/2017\/03\/IMG_2545.jpg\" alt=\"\" width=\"1200\" height=\"675\" srcset=\"https:\/\/merlin.yfx.de\/marokko2017\/wp-content\/uploads\/sites\/4\/2017\/03\/IMG_2545.jpg 1200w, https:\/\/merlin.yfx.de\/marokko2017\/wp-content\/uploads\/sites\/4\/2017\/03\/IMG_2545-300x169.jpg 300w, https:\/\/merlin.yfx.de\/marokko2017\/wp-content\/uploads\/sites\/4\/2017\/03\/IMG_2545-768x432.jpg 768w, https:\/\/merlin.yfx.de\/marokko2017\/wp-content\/uploads\/sites\/4\/2017\/03\/IMG_2545-1024x576.jpg 1024w\" sizes=\"auto, (max-width: 1200px) 100vw, 1200px\" \/>Der Hafen, einst einziger Versorgungsweg, verf\u00e4llt, und auch viele Villen oben auf der Steilk\u00fcste, das Kino und der Twist Club sind verlassen. <img loading=\"lazy\" decoding=\"async\" class=\"aligncenter size-full wp-image-422\" src=\"https:\/\/merlin.yfx.de\/marokko2017\/wp-content\/uploads\/sites\/4\/2017\/03\/IMG_2546.jpg\" alt=\"\" width=\"1200\" height=\"675\" srcset=\"https:\/\/merlin.yfx.de\/marokko2017\/wp-content\/uploads\/sites\/4\/2017\/03\/IMG_2546.jpg 1200w, https:\/\/merlin.yfx.de\/marokko2017\/wp-content\/uploads\/sites\/4\/2017\/03\/IMG_2546-300x169.jpg 300w, https:\/\/merlin.yfx.de\/marokko2017\/wp-content\/uploads\/sites\/4\/2017\/03\/IMG_2546-768x432.jpg 768w, https:\/\/merlin.yfx.de\/marokko2017\/wp-content\/uploads\/sites\/4\/2017\/03\/IMG_2546-1024x576.jpg 1024w\" sizes=\"auto, (max-width: 1200px) 100vw, 1200px\" \/>Heute versucht die Stadt ein Comeback als Ferienort.<br \/>\nBei einem Spaziergang am Strand entlang der Steilk\u00fcste trafen wir auf einen Marokkaner, der sich unter einem Fels\u00fcberhang h\u00e4uslich eingerichtet hatte. Neben sich einen gro\u00dfen Berg Strandgut und Schwemmholz aus dem er die kuriosesten Skulpturen herstellte.<img loading=\"lazy\" decoding=\"async\" class=\"aligncenter size-full wp-image-440\" src=\"https:\/\/merlin.yfx.de\/marokko2017\/wp-content\/uploads\/sites\/4\/2017\/03\/IMG_2674.jpg\" alt=\"\" width=\"1200\" height=\"675\" srcset=\"https:\/\/merlin.yfx.de\/marokko2017\/wp-content\/uploads\/sites\/4\/2017\/03\/IMG_2674.jpg 1200w, https:\/\/merlin.yfx.de\/marokko2017\/wp-content\/uploads\/sites\/4\/2017\/03\/IMG_2674-300x169.jpg 300w, https:\/\/merlin.yfx.de\/marokko2017\/wp-content\/uploads\/sites\/4\/2017\/03\/IMG_2674-768x432.jpg 768w, https:\/\/merlin.yfx.de\/marokko2017\/wp-content\/uploads\/sites\/4\/2017\/03\/IMG_2674-1024x576.jpg 1024w\" sizes=\"auto, (max-width: 1200px) 100vw, 1200px\" \/>Er lud uns auf einen Tee ein und erz\u00e4hlte, dass er seit 2002 hier sitzt und arbeitet. Als wir ihn ungl\u00e4ubig anschauten, holte er einen Bildband hervor, der offenbar 2009 \u00fcber ihn und seine Kunstwerke gemacht worden war. Wieder am Auto, schauten wir im Internet nach und fanden sogar mehrere Videos auf Youtube.<br \/>\nSamstag fr\u00fch zog es uns weiter, denn wir wollten die K\u00fcste f\u00fcr ein paar Stunden verlassen ,um den w\u00f6chentlichen Markt in Guelmin zu besuchen. Es ist der gr\u00f6\u00dfte Markt in der Region, und in fr\u00fcheren Zeiten, als der Karawanenweg nach Timbuktu hier durchging, war es der gr\u00f6\u00dfte Kamelmarkt. Heute ist die Zeit der Karawanen vorbei. Aber gerade der Viehmarkt zieht noch viele Menschen aus der Westsahara an. Wir hatten Gl\u00fcck, denn neben K\u00fchen, Schafen und Ziegen waren zwischen 50 und 100 Dromedare auf dem Markt, einige pr\u00e4chtige ausgewachsene Tiere, aber vor allem viele Jungtiere zwischen 4 und 7 Monaten. Viele der Tiere kommen aus Mauretanien und einige sogar aus Mali, wie mir ein netter wettergegerbter H\u00e4ndler erkl\u00e4rte.<img loading=\"lazy\" decoding=\"async\" class=\"aligncenter size-full wp-image-451\" src=\"https:\/\/merlin.yfx.de\/marokko2017\/wp-content\/uploads\/sites\/4\/2017\/03\/IMG_2685.jpg\" alt=\"\" width=\"1200\" height=\"675\" srcset=\"https:\/\/merlin.yfx.de\/marokko2017\/wp-content\/uploads\/sites\/4\/2017\/03\/IMG_2685.jpg 1200w, https:\/\/merlin.yfx.de\/marokko2017\/wp-content\/uploads\/sites\/4\/2017\/03\/IMG_2685-300x169.jpg 300w, https:\/\/merlin.yfx.de\/marokko2017\/wp-content\/uploads\/sites\/4\/2017\/03\/IMG_2685-768x432.jpg 768w, https:\/\/merlin.yfx.de\/marokko2017\/wp-content\/uploads\/sites\/4\/2017\/03\/IMG_2685-1024x576.jpg 1024w\" sizes=\"auto, (max-width: 1200px) 100vw, 1200px\" \/><img loading=\"lazy\" decoding=\"async\" class=\"aligncenter size-full wp-image-452\" src=\"https:\/\/merlin.yfx.de\/marokko2017\/wp-content\/uploads\/sites\/4\/2017\/03\/IMG_2686.jpg\" alt=\"\" width=\"1200\" height=\"675\" srcset=\"https:\/\/merlin.yfx.de\/marokko2017\/wp-content\/uploads\/sites\/4\/2017\/03\/IMG_2686.jpg 1200w, https:\/\/merlin.yfx.de\/marokko2017\/wp-content\/uploads\/sites\/4\/2017\/03\/IMG_2686-300x169.jpg 300w, https:\/\/merlin.yfx.de\/marokko2017\/wp-content\/uploads\/sites\/4\/2017\/03\/IMG_2686-768x432.jpg 768w, https:\/\/merlin.yfx.de\/marokko2017\/wp-content\/uploads\/sites\/4\/2017\/03\/IMG_2686-1024x576.jpg 1024w\" sizes=\"auto, (max-width: 1200px) 100vw, 1200px\" \/>Wir nutzten den Markt, um uns mit frischem Gem\u00fcse, Eiern, Brot, Waln\u00fcssen, getrockneten Feigen und eingelegten Oliven zu versorgen, denn von hier aus ging es zur\u00fcck an die K\u00fcste, dorthin, wo die n\u00f6rdlichen Ausl\u00e4ufer der Sahara auf den Atlantik treffen. Hier bei Echatea El Abied endet die Strasse an einer Flu\u00dfm\u00fcndung zwischen den Sandd\u00fcnen. Damit haben wir vermutlich den s\u00fcdlichsten Punkt unserer Reise erreicht. Vor einigen Jahren sollte hier ein gro\u00dfes Tourismusprojekt gebaut werden. Ein paar Ferienh\u00e4user, die inzwischen von einigen Fischerfamilien bewohnt werden und die 50 km lange Asphaltstrasse, die hierher f\u00fchrt, sind alles, was von dem ehrgeizigen Projekt geblieben ist. Dadurch ist zumindest dieser Punkt, des sich \u00fcber etwa 80km von Foum Assaka fast bis Tan Tan hinziehenden Strandes Plage Blanche, auch f\u00fcr nur bedingt gel\u00e4ndeg\u00e4ngige Fahrzeuge erreichbar.<img loading=\"lazy\" decoding=\"async\" class=\"aligncenter size-full wp-image-471\" src=\"https:\/\/merlin.yfx.de\/marokko2017\/wp-content\/uploads\/sites\/4\/2017\/03\/IMG_2705.jpg\" alt=\"\" width=\"1200\" height=\"675\" srcset=\"https:\/\/merlin.yfx.de\/marokko2017\/wp-content\/uploads\/sites\/4\/2017\/03\/IMG_2705.jpg 1200w, https:\/\/merlin.yfx.de\/marokko2017\/wp-content\/uploads\/sites\/4\/2017\/03\/IMG_2705-300x169.jpg 300w, https:\/\/merlin.yfx.de\/marokko2017\/wp-content\/uploads\/sites\/4\/2017\/03\/IMG_2705-768x432.jpg 768w, https:\/\/merlin.yfx.de\/marokko2017\/wp-content\/uploads\/sites\/4\/2017\/03\/IMG_2705-1024x576.jpg 1024w\" sizes=\"auto, (max-width: 1200px) 100vw, 1200px\" \/><img loading=\"lazy\" decoding=\"async\" class=\"aligncenter size-full wp-image-480\" src=\"https:\/\/merlin.yfx.de\/marokko2017\/wp-content\/uploads\/sites\/4\/2017\/03\/IMG_2714.jpg\" alt=\"\" width=\"1200\" height=\"675\" srcset=\"https:\/\/merlin.yfx.de\/marokko2017\/wp-content\/uploads\/sites\/4\/2017\/03\/IMG_2714.jpg 1200w, https:\/\/merlin.yfx.de\/marokko2017\/wp-content\/uploads\/sites\/4\/2017\/03\/IMG_2714-300x169.jpg 300w, https:\/\/merlin.yfx.de\/marokko2017\/wp-content\/uploads\/sites\/4\/2017\/03\/IMG_2714-768x432.jpg 768w, https:\/\/merlin.yfx.de\/marokko2017\/wp-content\/uploads\/sites\/4\/2017\/03\/IMG_2714-1024x576.jpg 1024w\" sizes=\"auto, (max-width: 1200px) 100vw, 1200px\" \/>Die alte Strecke P1300, die beim Camping Sabra von der neuen Asphaltstrasse abzweigt und \u00fcber Bou Jerif Richtung Foum Assaka an die K\u00fcste und dann den ganzen Plage Blanche entlang f\u00fchrt, ist offenbar seit l\u00e4ngerer Zeit selbst f\u00fcr Allradfahrzeuge nur bedingt befahrbar.<br \/>\nStanden wir am Samstag abend noch alleine auf den Sandd\u00fcnen \u00fcber der Flussm\u00fcndung, tauchten am Sonntag vormittag bei strahlendem Sonnenschein und ausnahmsweise nur leichtem Wind, nach und nach mehrere marokkanische Familien mit ihren Pickups auf und um uns herum entstanden mehrere Picknicklager. Die Sandd\u00fcnen sind offenbar auch f\u00fcr marokkanische Kinder ein toller Spielplatz. Mit Vergn\u00fcgen kletterten sie hinauf, um auf dem Po oder sogar b\u00e4uchlings wieder hinunter zu rutschen.<br \/>\nW\u00e4hrend wir vor unserem Auto bei einem sich bis Mittags hinziehenden Fr\u00fchst\u00fcck in der Sonne sa\u00dfen, kamen zwei etwa 17j\u00e4hrige Sch\u00fclerinnen aus Guelmin und fragten Carola, ob sie Fotos machen d\u00fcrften. Mit Vergn\u00fcgen setzten sie sich auf unsere St\u00fchle vor das Auto, nahmen eines der auf dem Tisch liegenden B\u00fccher und fotografierten sich gegenseitig und mit Carola.<img loading=\"lazy\" decoding=\"async\" class=\"aligncenter size-full wp-image-482\" src=\"https:\/\/merlin.yfx.de\/marokko2017\/wp-content\/uploads\/sites\/4\/2017\/03\/IMG_2716.jpg\" alt=\"\" width=\"1200\" height=\"675\" srcset=\"https:\/\/merlin.yfx.de\/marokko2017\/wp-content\/uploads\/sites\/4\/2017\/03\/IMG_2716.jpg 1200w, https:\/\/merlin.yfx.de\/marokko2017\/wp-content\/uploads\/sites\/4\/2017\/03\/IMG_2716-300x169.jpg 300w, https:\/\/merlin.yfx.de\/marokko2017\/wp-content\/uploads\/sites\/4\/2017\/03\/IMG_2716-768x432.jpg 768w, https:\/\/merlin.yfx.de\/marokko2017\/wp-content\/uploads\/sites\/4\/2017\/03\/IMG_2716-1024x576.jpg 1024w\" sizes=\"auto, (max-width: 1200px) 100vw, 1200px\" \/>Sp\u00e4ter beim Abfahren sahen wir sie noch einmal mit anderen Jugendlichen auf den D\u00fcnen herumtollen.<\/p>\n<p>Wir wollten ausprobieren, ob wir nicht von hier aus ein St\u00fcck die alte Stra\u00dfe \u00a0Richtung Norden am Strand entlang fahren k\u00f6nnten, anstatt die neue Asphaltstrasse wieder zur\u00fcck zu fahren. Weit kamen wir allerdings nicht. Was auf der GPS- Karte wie eine Strasse aussah, entpuppte sich als vage Piste und f\u00fchrte nach ein paar Kilometern hinunter in ein morastiges Gebiet vor dem Strand. <img loading=\"lazy\" decoding=\"async\" class=\"aligncenter size-full wp-image-483\" src=\"https:\/\/merlin.yfx.de\/marokko2017\/wp-content\/uploads\/sites\/4\/2017\/03\/IMG_2717.jpg\" alt=\"\" width=\"1200\" height=\"675\" srcset=\"https:\/\/merlin.yfx.de\/marokko2017\/wp-content\/uploads\/sites\/4\/2017\/03\/IMG_2717.jpg 1200w, https:\/\/merlin.yfx.de\/marokko2017\/wp-content\/uploads\/sites\/4\/2017\/03\/IMG_2717-300x169.jpg 300w, https:\/\/merlin.yfx.de\/marokko2017\/wp-content\/uploads\/sites\/4\/2017\/03\/IMG_2717-768x432.jpg 768w, https:\/\/merlin.yfx.de\/marokko2017\/wp-content\/uploads\/sites\/4\/2017\/03\/IMG_2717-1024x576.jpg 1024w\" sizes=\"auto, (max-width: 1200px) 100vw, 1200px\" \/>So beschlossen wir umzukehren und stattdessen einen Abstecher \u00fcber die nur 9km langen Piste weiter im Inland nach Fort Bou Jerif zu machen.<\/p>\n","protected":false},"excerpt":{"rendered":"<p>Kurz vor Mirleft waren wir wieder auf den Atlantik getroffen, dem wir in den n\u00e4chsten Tagen auch nicht mehr von der Seite weichen wollten. Bis hinunter zur M\u00fcndung des Draa wollten wir der K\u00fcste folgen, falls die Stra\u00dfenverh\u00e4ltnisse uns nicht daran hindern w\u00fcrden. S\u00fcdlich von Tan-Tan, auf der anderen Seite des Draa beginnt die ehemalige &hellip; <a href=\"https:\/\/merlin.yfx.de\/marokko2017\/?p=431\" class=\"more-link\"><span class=\"screen-reader-text\">Zwischen Meer und W\u00fcste<\/span> weiterlesen <span class=\"meta-nav\">&rarr;<\/span><\/a><\/p>\n","protected":false},"author":2,"featured_media":0,"comment_status":"open","ping_status":"open","sticky":false,"template":"","format":"standard","meta":{"pgc_sgb_lightbox_settings":"","footnotes":""},"categories":[1],"tags":[],"class_list":["post-431","post","type-post","status-publish","format-standard","hentry","category-uncategorized"],"_links":{"self":[{"href":"https:\/\/merlin.yfx.de\/marokko2017\/index.php?rest_route=\/wp\/v2\/posts\/431","targetHints":{"allow":["GET"]}}],"collection":[{"href":"https:\/\/merlin.yfx.de\/marokko2017\/index.php?rest_route=\/wp\/v2\/posts"}],"about":[{"href":"https:\/\/merlin.yfx.de\/marokko2017\/index.php?rest_route=\/wp\/v2\/types\/post"}],"author":[{"embeddable":true,"href":"https:\/\/merlin.yfx.de\/marokko2017\/index.php?rest_route=\/wp\/v2\/users\/2"}],"replies":[{"embeddable":true,"href":"https:\/\/merlin.yfx.de\/marokko2017\/index.php?rest_route=%2Fwp%2Fv2%2Fcomments&post=431"}],"version-history":[{"count":5,"href":"https:\/\/merlin.yfx.de\/marokko2017\/index.php?rest_route=\/wp\/v2\/posts\/431\/revisions"}],"predecessor-version":[{"id":507,"href":"https:\/\/merlin.yfx.de\/marokko2017\/index.php?rest_route=\/wp\/v2\/posts\/431\/revisions\/507"}],"wp:attachment":[{"href":"https:\/\/merlin.yfx.de\/marokko2017\/index.php?rest_route=%2Fwp%2Fv2%2Fmedia&parent=431"}],"wp:term":[{"taxonomy":"category","embeddable":true,"href":"https:\/\/merlin.yfx.de\/marokko2017\/index.php?rest_route=%2Fwp%2Fv2%2Fcategories&post=431"},{"taxonomy":"post_tag","embeddable":true,"href":"https:\/\/merlin.yfx.de\/marokko2017\/index.php?rest_route=%2Fwp%2Fv2%2Ftags&post=431"}],"curies":[{"name":"wp","href":"https:\/\/api.w.org\/{rel}","templated":true}]}}