{"id":62,"date":"2020-02-27T22:28:05","date_gmt":"2020-02-27T21:28:05","guid":{"rendered":"https:\/\/merlin.yfx.de\/marokko2020\/?p=62"},"modified":"2020-02-27T22:31:12","modified_gmt":"2020-02-27T21:31:12","slug":"62","status":"publish","type":"post","link":"https:\/\/merlin.yfx.de\/marokko2020\/2020\/02\/27\/62\/","title":{"rendered":"Wir haben es geschafft&#8230;"},"content":{"rendered":"<p class=\"p1\"><span class=\"s1\">Wir haben es geschafft das schlechte Wetter abzuh\u00e4ngen! Sp\u00e4testens auf der H\u00f6he von Madrid geben die letzten Wolken auf, und die Sonne strahlt vom blauen Himmel. Es bleibt jedoch kalt, das Thermometer steigt nicht \u00fcber 15 Grad. Erst als wir bei Cac\u00e8res die Hochebene verlassen, steigt das Thermometer wohltuend an, und so beschlie\u00dfen wir, f\u00fcr morgen einen Ruhetag einzuplanen, bevor wir zur F\u00e4hre fahren. Das bedeutet allerdings eine lange Tagesetappe, denn unser angepeiltes Ziel liegt im Parque natural de Alcornocales zwischen Sevilla und Algeciras. Und so erreichen wir unser Tagesziel erst sp\u00e4t in der Nacht. <\/span><\/p>\n<p class=\"p1\"><span class=\"s1\">Die Nachtfahrt hatte aber auch etwas Gutes, denn wir passierten das Nadel\u00f6hr Sevilla um diese Zeit ohne Stau und Verkehrschaos. Am n\u00e4chsten Tag ist faulenzen angesagt. <\/span><\/p>\n<p><img loading=\"lazy\" decoding=\"async\" class=\"size-large wp-image-54\" src=\"https:\/\/merlin.yfx.de\/marokko2020\/wp-content\/uploads\/sites\/7\/2020\/02\/8FA4D217-4A01-4821-99E3-1EFF1452857D-1024x576.jpeg\" alt=\"\" width=\"604\" height=\"340\" srcset=\"https:\/\/merlin.yfx.de\/marokko2020\/wp-content\/uploads\/sites\/7\/2020\/02\/8FA4D217-4A01-4821-99E3-1EFF1452857D-1024x576.jpeg 1024w, https:\/\/merlin.yfx.de\/marokko2020\/wp-content\/uploads\/sites\/7\/2020\/02\/8FA4D217-4A01-4821-99E3-1EFF1452857D-300x169.jpeg 300w, https:\/\/merlin.yfx.de\/marokko2020\/wp-content\/uploads\/sites\/7\/2020\/02\/8FA4D217-4A01-4821-99E3-1EFF1452857D-768x432.jpeg 768w, https:\/\/merlin.yfx.de\/marokko2020\/wp-content\/uploads\/sites\/7\/2020\/02\/8FA4D217-4A01-4821-99E3-1EFF1452857D.jpeg 1200w\" sizes=\"auto, (max-width: 604px) 100vw, 604px\" \/><\/p>\n<p class=\"p1\"><span class=\"s1\">An einem herrlichen Picknickplatz im Naturpark genie\u00dfen wir die Sonne und Merlin kann sich endlich mal wieder austoben.<\/span><\/p>\n<p><img loading=\"lazy\" decoding=\"async\" class=\"size-large wp-image-57\" src=\"https:\/\/merlin.yfx.de\/marokko2020\/wp-content\/uploads\/sites\/7\/2020\/02\/A3AE087E-82CB-415E-8F71-F739D2E50C64-1024x576.jpeg\" alt=\"\" width=\"604\" height=\"340\" srcset=\"https:\/\/merlin.yfx.de\/marokko2020\/wp-content\/uploads\/sites\/7\/2020\/02\/A3AE087E-82CB-415E-8F71-F739D2E50C64-1024x576.jpeg 1024w, https:\/\/merlin.yfx.de\/marokko2020\/wp-content\/uploads\/sites\/7\/2020\/02\/A3AE087E-82CB-415E-8F71-F739D2E50C64-300x169.jpeg 300w, https:\/\/merlin.yfx.de\/marokko2020\/wp-content\/uploads\/sites\/7\/2020\/02\/A3AE087E-82CB-415E-8F71-F739D2E50C64-768x432.jpeg 768w, https:\/\/merlin.yfx.de\/marokko2020\/wp-content\/uploads\/sites\/7\/2020\/02\/A3AE087E-82CB-415E-8F71-F739D2E50C64.jpeg 1200w\" sizes=\"auto, (max-width: 604px) 100vw, 604px\" \/><\/p>\n<p>&nbsp;<\/p>\n<p><img loading=\"lazy\" decoding=\"async\" class=\"size-large wp-image-56\" src=\"https:\/\/merlin.yfx.de\/marokko2020\/wp-content\/uploads\/sites\/7\/2020\/02\/ECA86363-11B0-4224-BB57-E895B9886744-1024x576.jpeg\" alt=\"\" width=\"604\" height=\"340\" srcset=\"https:\/\/merlin.yfx.de\/marokko2020\/wp-content\/uploads\/sites\/7\/2020\/02\/ECA86363-11B0-4224-BB57-E895B9886744-1024x576.jpeg 1024w, https:\/\/merlin.yfx.de\/marokko2020\/wp-content\/uploads\/sites\/7\/2020\/02\/ECA86363-11B0-4224-BB57-E895B9886744-300x169.jpeg 300w, https:\/\/merlin.yfx.de\/marokko2020\/wp-content\/uploads\/sites\/7\/2020\/02\/ECA86363-11B0-4224-BB57-E895B9886744-768x432.jpeg 768w, https:\/\/merlin.yfx.de\/marokko2020\/wp-content\/uploads\/sites\/7\/2020\/02\/ECA86363-11B0-4224-BB57-E895B9886744.jpeg 1200w\" sizes=\"auto, (max-width: 604px) 100vw, 604px\" \/><\/p>\n","protected":false},"excerpt":{"rendered":"<p>Wir haben es geschafft das schlechte Wetter abzuh\u00e4ngen! Sp\u00e4testens auf der H\u00f6he von Madrid geben die letzten Wolken auf, und die Sonne strahlt vom blauen Himmel. Es bleibt jedoch kalt, das Thermometer steigt nicht \u00fcber 15 Grad. Erst als wir bei Cac\u00e8res die Hochebene verlassen, steigt das Thermometer wohltuend an, und so beschlie\u00dfen wir, f\u00fcr &hellip; <a href=\"https:\/\/merlin.yfx.de\/marokko2020\/2020\/02\/27\/62\/\" class=\"more-link\"><span class=\"screen-reader-text\">Wir haben es geschafft&#8230;<\/span> weiterlesen <span class=\"meta-nav\">&rarr;<\/span><\/a><\/p>\n","protected":false},"author":2,"featured_media":0,"comment_status":"open","ping_status":"open","sticky":false,"template":"","format":"standard","meta":{"pgc_sgb_lightbox_settings":"","footnotes":""},"categories":[1],"tags":[],"class_list":["post-62","post","type-post","status-publish","format-standard","hentry","category-allgemein"],"_links":{"self":[{"href":"https:\/\/merlin.yfx.de\/marokko2020\/wp-json\/wp\/v2\/posts\/62","targetHints":{"allow":["GET"]}}],"collection":[{"href":"https:\/\/merlin.yfx.de\/marokko2020\/wp-json\/wp\/v2\/posts"}],"about":[{"href":"https:\/\/merlin.yfx.de\/marokko2020\/wp-json\/wp\/v2\/types\/post"}],"author":[{"embeddable":true,"href":"https:\/\/merlin.yfx.de\/marokko2020\/wp-json\/wp\/v2\/users\/2"}],"replies":[{"embeddable":true,"href":"https:\/\/merlin.yfx.de\/marokko2020\/wp-json\/wp\/v2\/comments?post=62"}],"version-history":[{"count":3,"href":"https:\/\/merlin.yfx.de\/marokko2020\/wp-json\/wp\/v2\/posts\/62\/revisions"}],"predecessor-version":[{"id":65,"href":"https:\/\/merlin.yfx.de\/marokko2020\/wp-json\/wp\/v2\/posts\/62\/revisions\/65"}],"wp:attachment":[{"href":"https:\/\/merlin.yfx.de\/marokko2020\/wp-json\/wp\/v2\/media?parent=62"}],"wp:term":[{"taxonomy":"category","embeddable":true,"href":"https:\/\/merlin.yfx.de\/marokko2020\/wp-json\/wp\/v2\/categories?post=62"},{"taxonomy":"post_tag","embeddable":true,"href":"https:\/\/merlin.yfx.de\/marokko2020\/wp-json\/wp\/v2\/tags?post=62"}],"curies":[{"name":"wp","href":"https:\/\/api.w.org\/{rel}","templated":true}]}}